{"id":1565,"date":"2021-11-16T12:12:14","date_gmt":"2021-11-16T11:12:14","guid":{"rendered":"https:\/\/transitio.se\/?p=1565"},"modified":"2023-04-21T20:02:39","modified_gmt":"2023-04-21T18:02:39","slug":"forsta-reginafordonet-levererat-efter-genomford-upprustning","status":"publish","type":"post","link":"https:\/\/transitio.se\/en\/forsta-reginafordonet-levererat-efter-genomford-upprustning\/","title":{"rendered":"F\u00f6rsta Reginafordonet levererat efter genomf\u00f6rd upprustning"},"content":{"rendered":"<p>Den 12:e november 2021 levererades det f\u00f6rsta upprustade Reginafordonet till M\u00e4lardalstrafik.<\/p>\n\n\n\n<p>Totalt ska 59 Reginafordon upprustas f\u00f6r sju av v\u00e5ra hyrestagare. Tv\u00e5 av M\u00e4lardalstrafiks andra Reginor har ocks\u00e5 nyligen omm\u00e5lats och \u00e4r ute i trafik, dessa sp\u00e5rfordon kommer senare att upprustas p\u00e5 samma s\u00e4tt. Upprustningen genomf\u00f6rs av Alstom i V\u00e4ster\u00e5s.<\/p>\n\n\n\n<figure class=\"wp-block-image size-full\"><img fetchpriority=\"high\" decoding=\"async\" width=\"1024\" height=\"682\" src=\"https:\/\/transitio.se\/wp-content\/uploads\/2021\/11\/ABT-Regina-Midlife-X9001-leveransdag-211112.jpg\" alt=\"\" class=\"wp-image-1567\" srcset=\"https:\/\/transitio.se\/wp-content\/uploads\/2021\/11\/ABT-Regina-Midlife-X9001-leveransdag-211112.jpg 1024w, https:\/\/transitio.se\/wp-content\/uploads\/2021\/11\/ABT-Regina-Midlife-X9001-leveransdag-211112-300x200.jpg 300w, https:\/\/transitio.se\/wp-content\/uploads\/2021\/11\/ABT-Regina-Midlife-X9001-leveransdag-211112-768x512.jpg 768w, https:\/\/transitio.se\/wp-content\/uploads\/2021\/11\/ABT-Regina-Midlife-X9001-leveransdag-211112-18x12.jpg 18w\" sizes=\"(max-width: 1024px) 100vw, 1024px\" \/><\/figure>\n\n\n\n<p>Sp\u00e5rfordonet har bland annat genomg\u00e5tt nedanst\u00e5ende upprustning.<\/p>\n\n\n\n<ul class=\"wp-block-list\"><li>Utv\u00e4ndig omm\u00e5lning.<\/li><li>Renovering av passagerarstolar samt eluttag vid stolarna.<\/li><li>Uppgradering av frontbelysning till LED.<\/li><li>Uppgradering av innerbelysning till LED.<\/li><li>Upprustning av v\u00e4ggpaneler, trasiga bord samt skadade f\u00f6nsterramar.<\/li><li>Byte av matta i passagerarutrymme, f\u00f6rarhytt samt i vestibuler.<\/li><li>Renovering av bagagehyllor, gardin, l\u00e4sbelysning, platsm\u00e4rkning och h\u00f6gtalare.<\/li><li>Installation av elektrisk handtork p\u00e5 toalett (i st\u00e4llet f\u00f6r tidigare pappershanddukar).<\/li><li>Installation av ytterligare str\u00f6mavtagare p\u00e5 fordon som idag har en.<\/li><li>Inv\u00e4ndig reng\u00f6ring av passagerarutrymmen och f\u00f6rarhytt.<\/li><\/ul>\n\n\n\n<p>I samband med upprustningen har \u00e4ven tungt underh\u00e5ll genomf\u00f6rts p\u00e5 sp\u00e5rfordonet.<\/p>\n\n\n\n<p>Upprustningen av \u00f6vriga Reginor forts\u00e4tter.<\/p>\n\n\n\n<div class=\"wp-block-columns is-layout-flex wp-container-core-columns-is-layout-28f84493 wp-block-columns-is-layout-flex\">\n<div class=\"wp-block-column is-layout-flow wp-block-column-is-layout-flow\" style=\"flex-basis:100%\">\n<figure class=\"wp-block-image size-large\"><img decoding=\"async\" width=\"1024\" height=\"683\" src=\"https:\/\/transitio.se\/wp-content\/uploads\/2021\/11\/Interio\u0308r-Regina-9001-1024x683.jpg\" alt=\"\" class=\"wp-image-1568\" srcset=\"https:\/\/transitio.se\/wp-content\/uploads\/2021\/11\/Interio\u0308r-Regina-9001-1024x683.jpg 1024w, https:\/\/transitio.se\/wp-content\/uploads\/2021\/11\/Interio\u0308r-Regina-9001-300x200.jpg 300w, https:\/\/transitio.se\/wp-content\/uploads\/2021\/11\/Interio\u0308r-Regina-9001-768x512.jpg 768w, https:\/\/transitio.se\/wp-content\/uploads\/2021\/11\/Interio\u0308r-Regina-9001-1536x1024.jpg 1536w, https:\/\/transitio.se\/wp-content\/uploads\/2021\/11\/Interio\u0308r-Regina-9001-2048x1365.jpg 2048w, https:\/\/transitio.se\/wp-content\/uploads\/2021\/11\/Interio\u0308r-Regina-9001-18x12.jpg 18w\" sizes=\"(max-width: 1024px) 100vw, 1024px\" \/><\/figure>\n<\/div>\n<\/div>","protected":false},"excerpt":{"rendered":"<p>Den 12:e november 2021 levererades det f\u00f6rsta upprustade Reginafordonet till M\u00e4lardalstrafik. Totalt ska 59 Reginafordon upprustas f\u00f6r sju av v\u00e5ra hyrestagare. Tv\u00e5 av M\u00e4lardalstrafiks andra Reginor har ocks\u00e5 nyligen omm\u00e5lats och \u00e4r ute i trafik, dessa sp\u00e5rfordon kommer senare att upprustas p\u00e5 samma s\u00e4tt. Upprustningen genomf\u00f6rs av Alstom i V\u00e4ster\u00e5s. Sp\u00e5rfordonet har bland annat genomg\u00e5tt [&hellip;]<\/p>\n","protected":false},"author":5,"featured_media":0,"comment_status":"closed","ping_status":"open","sticky":false,"template":"","format":"standard","meta":{"footnotes":""},"categories":[14,1],"tags":[10],"class_list":["post-1565","post","type-post","status-publish","format-standard","hentry","category-nyhet","category-okategoriserade","tag-utan-bild"],"_links":{"self":[{"href":"https:\/\/transitio.se\/en\/wp-json\/wp\/v2\/posts\/1565","targetHints":{"allow":["GET"]}}],"collection":[{"href":"https:\/\/transitio.se\/en\/wp-json\/wp\/v2\/posts"}],"about":[{"href":"https:\/\/transitio.se\/en\/wp-json\/wp\/v2\/types\/post"}],"author":[{"embeddable":true,"href":"https:\/\/transitio.se\/en\/wp-json\/wp\/v2\/users\/5"}],"replies":[{"embeddable":true,"href":"https:\/\/transitio.se\/en\/wp-json\/wp\/v2\/comments?post=1565"}],"version-history":[{"count":5,"href":"https:\/\/transitio.se\/en\/wp-json\/wp\/v2\/posts\/1565\/revisions"}],"predecessor-version":[{"id":1572,"href":"https:\/\/transitio.se\/en\/wp-json\/wp\/v2\/posts\/1565\/revisions\/1572"}],"wp:attachment":[{"href":"https:\/\/transitio.se\/en\/wp-json\/wp\/v2\/media?parent=1565"}],"wp:term":[{"taxonomy":"category","embeddable":true,"href":"https:\/\/transitio.se\/en\/wp-json\/wp\/v2\/categories?post=1565"},{"taxonomy":"post_tag","embeddable":true,"href":"https:\/\/transitio.se\/en\/wp-json\/wp\/v2\/tags?post=1565"}],"curies":[{"name":"wp","href":"https:\/\/api.w.org\/{rel}","templated":true}]}}