{"id":1611,"date":"2021-11-30T10:37:51","date_gmt":"2021-11-30T09:37:51","guid":{"rendered":"https:\/\/transitio.se\/?p=1611"},"modified":"2023-04-21T20:02:39","modified_gmt":"2023-04-21T18:02:39","slug":"johannes-bjorndahl-ny-andringsledare-pa-ab-transitio","status":"publish","type":"post","link":"https:\/\/transitio.se\/en\/johannes-bjorndahl-ny-andringsledare-pa-ab-transitio\/","title":{"rendered":"Johannes Bj\u00f6rndahl \u2013 ny \u00c4ndringsledare p\u00e5 AB Transitio"},"content":{"rendered":"<p>Vi v\u00e4lkomnar med stor gl\u00e4dje Johannes Bj\u00f6rndahl i den nya rollen som \u00c4ndringsledare inom Teknikorganisationen p\u00e5 AB Transitio.<\/p>\n\n\n\n<p>I rollen som \u00c4ndringsledare kommer han att ha det \u00f6vergripande ansvaret f\u00f6r f\u00f6rvaltning och utveckling av AB Transitios \u00e4ndringsprocess samt \u00e4ven operativt delta i arbetet med \u00e4ndringar.<br>Johannes \u00e4r 40 \u00e5r, uppv\u00e4xt i Leksand och bor idag p\u00e5 Eker\u00f6 med sin fru Rebecka och tre barn.<\/p>\n\n\n\n<p>Vi ser fram emot att Johannes b\u00f6rjar jobba hos oss i rollen som \u00c4ndringsledare. Att effektivt kunna hantera inkommande \u00e4ndrings- och f\u00f6rb\u00e4ttringsf\u00f6rslag \u00e4r ett centralt och viktigt omr\u00e5de f\u00f6r oss p\u00e5 AB Transitio eftersom det i slut\u00e4nden leder till att v\u00e5ra fordon presterar b\u00e4ttre f\u00f6r dom de \u00e4r till f\u00f6r \u2013 resen\u00e4rerna, s\u00e4ger Niklas Johansson Teknisk Direkt\u00f6r p\u00e5 AB Transitio.<\/p>\n\n\n\n<p>Johannes p\u00e5b\u00f6rjar sin anst\u00e4llning den 24 januari 2022.<\/p>","protected":false},"excerpt":{"rendered":"<p>Vi v\u00e4lkomnar med stor gl\u00e4dje Johannes Bj\u00f6rndahl i den nya rollen som \u00c4ndringsledare inom Teknikorganisationen p\u00e5 AB Transitio. I rollen som \u00c4ndringsledare kommer han att ha det \u00f6vergripande ansvaret f\u00f6r f\u00f6rvaltning och utveckling av AB Transitios \u00e4ndringsprocess samt \u00e4ven operativt delta i arbetet med \u00e4ndringar.Johannes \u00e4r 40 \u00e5r, uppv\u00e4xt i Leksand och bor idag p\u00e5 [&hellip;]<\/p>\n","protected":false},"author":3,"featured_media":1612,"comment_status":"closed","ping_status":"open","sticky":false,"template":"","format":"standard","meta":{"footnotes":""},"categories":[14,1],"tags":[12],"class_list":["post-1611","post","type-post","status-publish","format-standard","has-post-thumbnail","hentry","category-nyhet","category-okategoriserade","tag-med-bild"],"_links":{"self":[{"href":"https:\/\/transitio.se\/en\/wp-json\/wp\/v2\/posts\/1611","targetHints":{"allow":["GET"]}}],"collection":[{"href":"https:\/\/transitio.se\/en\/wp-json\/wp\/v2\/posts"}],"about":[{"href":"https:\/\/transitio.se\/en\/wp-json\/wp\/v2\/types\/post"}],"author":[{"embeddable":true,"href":"https:\/\/transitio.se\/en\/wp-json\/wp\/v2\/users\/3"}],"replies":[{"embeddable":true,"href":"https:\/\/transitio.se\/en\/wp-json\/wp\/v2\/comments?post=1611"}],"version-history":[{"count":1,"href":"https:\/\/transitio.se\/en\/wp-json\/wp\/v2\/posts\/1611\/revisions"}],"predecessor-version":[{"id":1613,"href":"https:\/\/transitio.se\/en\/wp-json\/wp\/v2\/posts\/1611\/revisions\/1613"}],"wp:featuredmedia":[{"embeddable":true,"href":"https:\/\/transitio.se\/en\/wp-json\/wp\/v2\/media\/1612"}],"wp:attachment":[{"href":"https:\/\/transitio.se\/en\/wp-json\/wp\/v2\/media?parent=1611"}],"wp:term":[{"taxonomy":"category","embeddable":true,"href":"https:\/\/transitio.se\/en\/wp-json\/wp\/v2\/categories?post=1611"},{"taxonomy":"post_tag","embeddable":true,"href":"https:\/\/transitio.se\/en\/wp-json\/wp\/v2\/tags?post=1611"}],"curies":[{"name":"wp","href":"https:\/\/api.w.org\/{rel}","templated":true}]}}