{"id":2147,"date":"2022-05-16T16:13:25","date_gmt":"2022-05-16T14:13:25","guid":{"rendered":"https:\/\/transitio.se\/?p=2147"},"modified":"2023-04-21T20:02:39","modified_gmt":"2023-04-21T18:02:39","slug":"ab-transitio-deltar-under-ertms-digitala-branschdag-17-maj-2022","status":"publish","type":"post","link":"https:\/\/transitio.se\/en\/ab-transitio-deltar-under-ertms-digitala-branschdag-17-maj-2022\/","title":{"rendered":"AB Transitio deltar under ERTMS digitala branschdag 17 maj 2022"},"content":{"rendered":"<p>F\u00f6r tredje g\u00e5ngen genomf\u00f6r Trafikverket en branschdag med fokus p\u00e5 det nya signalsystemet ERTMS, European Rail Traffic Management System.&nbsp;Seminariet v\u00e4nder sig till t\u00e5goperat\u00f6rer, infrastruktur\u00e4gare, leverant\u00f6rer av marksystem och fordon, entreprenadf\u00f6retag, intresseorganisationer, uppdragsgivare och andra intresserade.<\/p>\n\n\n\n<p>Agendan inneh\u00e5ller intressanta omr\u00e5den som Nationellt inf\u00f6rande av ERTMS, Cybers\u00e4kerhet, Erfarenhet av installation av ERTMS p\u00e5 fordon samt ett par Paneldialoger. Vid en av paneldialogerna kommer <strong>Michael Alverstrand<\/strong>, AB Transitio att bidra med erfarenheter och tankar.<\/p>\n\n\n\n<p>&#8211; <em>Jag hoppas att branschdagen och paneldialogen ska bidra till en b\u00e4ttre f\u00f6rst\u00e5else f\u00f6r varandras utmaningar och m\u00f6jligheter till att implementera ERTMS p\u00e5 ett samordnat och effektivt s\u00e4tt inom j\u00e4rnv\u00e4gssverige. Jag ser fram emot en intressant och \u00f6ppen dialog med branschen d\u00e4r jag \u00f6nskar lyfta fram AB Transitios syn och de utmaningar som vi som fordons\u00e4gare tillika best\u00e4llare st\u00e4lls inf\u00f6r tillsammans med v\u00e5ra hyrestagare i form av regionerna runt om i Sverige. Min f\u00f6rhoppning \u00e4r \u00e4ven att dialogen \u00f6ppnar upp f\u00f6r ett \u00e4nnu t\u00e4tare samarbete mellan oss intressenter, d\u00e5 jag \u00e4r \u00f6vertygad om att det kr\u00e4vs f\u00f6r ett lyckat inf\u00f6rande av ERTMS i Sverige<\/em>, s\u00e4ger Michael Alverstrand. <\/p>\n\n\n\n<p><strong>Var?<\/strong>&nbsp;&nbsp;&nbsp;&nbsp;&nbsp;&nbsp;&nbsp;&nbsp;&nbsp;&nbsp;&nbsp;&nbsp;&nbsp; Branschdagen s\u00e4nds digitalt<\/p>\n\n\n\n<p><strong>N\u00e4r?<\/strong>&nbsp;&nbsp;&nbsp;&nbsp;&nbsp;&nbsp;&nbsp;&nbsp;&nbsp;&nbsp;&nbsp;&nbsp; 17 maj 2022 kl. 13:00-16:00<\/p>\n\n\n\n<p><strong>Hur?<\/strong>&nbsp;&nbsp;&nbsp;&nbsp;&nbsp;&nbsp;&nbsp;&nbsp;&nbsp;&nbsp;&nbsp;&nbsp; Se l\u00e4nk till s\u00e4ndningen <a href=\"https:\/\/bransch.trafikverket.se\/om-oss\/aktuellt-for-dig-i-branschen3\/Evenemang\/ertms-digitala-branschdag-blir-den-17-maj\/\">h\u00e4r<\/a><\/p>","protected":false},"excerpt":{"rendered":"<p>F\u00f6r tredje g\u00e5ngen genomf\u00f6r Trafikverket en branschdag med fokus p\u00e5 det nya signalsystemet ERTMS, European Rail Traffic Management System.&nbsp;Seminariet v\u00e4nder sig till t\u00e5goperat\u00f6rer, infrastruktur\u00e4gare, leverant\u00f6rer av marksystem och fordon, entreprenadf\u00f6retag, intresseorganisationer, uppdragsgivare och andra intresserade. Agendan inneh\u00e5ller intressanta omr\u00e5den som Nationellt inf\u00f6rande av ERTMS, Cybers\u00e4kerhet, Erfarenhet av installation av ERTMS p\u00e5 fordon samt ett par [&hellip;]<\/p>\n","protected":false},"author":3,"featured_media":0,"comment_status":"closed","ping_status":"open","sticky":false,"template":"","format":"standard","meta":{"footnotes":""},"categories":[14,1],"tags":[10],"class_list":["post-2147","post","type-post","status-publish","format-standard","hentry","category-nyhet","category-okategoriserade","tag-utan-bild"],"_links":{"self":[{"href":"https:\/\/transitio.se\/en\/wp-json\/wp\/v2\/posts\/2147","targetHints":{"allow":["GET"]}}],"collection":[{"href":"https:\/\/transitio.se\/en\/wp-json\/wp\/v2\/posts"}],"about":[{"href":"https:\/\/transitio.se\/en\/wp-json\/wp\/v2\/types\/post"}],"author":[{"embeddable":true,"href":"https:\/\/transitio.se\/en\/wp-json\/wp\/v2\/users\/3"}],"replies":[{"embeddable":true,"href":"https:\/\/transitio.se\/en\/wp-json\/wp\/v2\/comments?post=2147"}],"version-history":[{"count":2,"href":"https:\/\/transitio.se\/en\/wp-json\/wp\/v2\/posts\/2147\/revisions"}],"predecessor-version":[{"id":2149,"href":"https:\/\/transitio.se\/en\/wp-json\/wp\/v2\/posts\/2147\/revisions\/2149"}],"wp:attachment":[{"href":"https:\/\/transitio.se\/en\/wp-json\/wp\/v2\/media?parent=2147"}],"wp:term":[{"taxonomy":"category","embeddable":true,"href":"https:\/\/transitio.se\/en\/wp-json\/wp\/v2\/categories?post=2147"},{"taxonomy":"post_tag","embeddable":true,"href":"https:\/\/transitio.se\/en\/wp-json\/wp\/v2\/tags?post=2147"}],"curies":[{"name":"wp","href":"https:\/\/api.w.org\/{rel}","templated":true}]}}