{"id":2385,"date":"2023-04-12T13:44:20","date_gmt":"2023-04-12T11:44:20","guid":{"rendered":"https:\/\/transitio.se\/?p=2385"},"modified":"2023-04-21T20:02:38","modified_gmt":"2023-04-21T18:02:38","slug":"per-wallensten-ny-fordonsforvaltare-otu-pa-ab-transitio","status":"publish","type":"post","link":"https:\/\/transitio.se\/en\/per-wallensten-ny-fordonsforvaltare-otu-pa-ab-transitio\/","title":{"rendered":"Per Wallensten \u2013 ny fordonsf\u00f6rvaltare OTU p\u00e5 AB Transitio"},"content":{"rendered":"<p>Vi v\u00e4lkomnar Per Wallensten i rollen som Fordonsf\u00f6rvaltare f\u00f6r \u00d6resundst\u00e5g, OTU. &nbsp;Rollen som fordonsf\u00f6rvaltare OTU ansvarar f\u00f6r att leda f\u00f6rvaltningen av fordonstypen, vilket sker i ett n\u00e4ra samarbete med \u00f6vriga fordons\u00e4gare\/f\u00f6rvaltningskollegor inom den gemensamma \u00d6resundst\u00e5gsf\u00f6rvaltningen.<\/p>\n\n\n\n<p>Per \u00e4r 48 \u00e5r och bor i Stockholm med sin familj. Han kommer n\u00e4rmast fr\u00e5n MTR Tech d\u00e4r han idag arbetar som fordonsf\u00f6rvaltare f\u00f6r tunnelbanefordon, typ C20.<\/p>\n\n\n\n<p>Vi ser med gl\u00e4dje fram emot att Per b\u00f6rjar arbeta hos oss p\u00e5 AB Transitio. Han kommer med sin kunskap om och erfarenhet av att implementera tillg\u00e5ngsf\u00f6rvaltning enligt ISO 55000 \u00e4ven vara en viktig del i Transitios arbete med att vidareutveckla v\u00e5r f\u00f6rvaltningsmodell och v\u00e5ra arbetss\u00e4tt,\u00a0 s\u00e4ger Niklas Johansson Teknisk Direkt\u00f6r p\u00e5 AB Transitio.<\/p>\n\n\n\n<p>Per p\u00e5b\u00f6rjar sin anst\u00e4llning i slutet av juni 2023.<\/p>","protected":false},"excerpt":{"rendered":"<p>Vi v\u00e4lkomnar Per Wallensten i rollen som Fordonsf\u00f6rvaltare f\u00f6r \u00d6resundst\u00e5g, OTU. &nbsp;Rollen som fordonsf\u00f6rvaltare OTU ansvarar f\u00f6r att leda f\u00f6rvaltningen av fordonstypen, vilket sker i ett n\u00e4ra samarbete med \u00f6vriga fordons\u00e4gare\/f\u00f6rvaltningskollegor inom den gemensamma \u00d6resundst\u00e5gsf\u00f6rvaltningen. Per \u00e4r 48 \u00e5r och bor i Stockholm med sin familj. Han kommer n\u00e4rmast fr\u00e5n MTR Tech d\u00e4r han idag [&hellip;]<\/p>\n","protected":false},"author":3,"featured_media":0,"comment_status":"closed","ping_status":"open","sticky":false,"template":"","format":"standard","meta":{"footnotes":""},"categories":[14,1],"tags":[10],"class_list":["post-2385","post","type-post","status-publish","format-standard","hentry","category-nyhet","category-okategoriserade","tag-utan-bild"],"_links":{"self":[{"href":"https:\/\/transitio.se\/en\/wp-json\/wp\/v2\/posts\/2385","targetHints":{"allow":["GET"]}}],"collection":[{"href":"https:\/\/transitio.se\/en\/wp-json\/wp\/v2\/posts"}],"about":[{"href":"https:\/\/transitio.se\/en\/wp-json\/wp\/v2\/types\/post"}],"author":[{"embeddable":true,"href":"https:\/\/transitio.se\/en\/wp-json\/wp\/v2\/users\/3"}],"replies":[{"embeddable":true,"href":"https:\/\/transitio.se\/en\/wp-json\/wp\/v2\/comments?post=2385"}],"version-history":[{"count":1,"href":"https:\/\/transitio.se\/en\/wp-json\/wp\/v2\/posts\/2385\/revisions"}],"predecessor-version":[{"id":2386,"href":"https:\/\/transitio.se\/en\/wp-json\/wp\/v2\/posts\/2385\/revisions\/2386"}],"wp:attachment":[{"href":"https:\/\/transitio.se\/en\/wp-json\/wp\/v2\/media?parent=2385"}],"wp:term":[{"taxonomy":"category","embeddable":true,"href":"https:\/\/transitio.se\/en\/wp-json\/wp\/v2\/categories?post=2385"},{"taxonomy":"post_tag","embeddable":true,"href":"https:\/\/transitio.se\/en\/wp-json\/wp\/v2\/tags?post=2385"}],"curies":[{"name":"wp","href":"https:\/\/api.w.org\/{rel}","templated":true}]}}