{"id":2527,"date":"2023-06-27T13:48:52","date_gmt":"2023-06-27T11:48:52","guid":{"rendered":"https:\/\/transitio.se\/?p=2527"},"modified":"2023-06-27T13:48:52","modified_gmt":"2023-06-27T11:48:52","slug":"vi-flyttar-tillfalligt","status":"publish","type":"post","link":"https:\/\/transitio.se\/en\/vi-flyttar-tillfalligt\/","title":{"rendered":"Vi flyttar tillf\u00e4lligt"},"content":{"rendered":"<p>Under f\u00f6rsta veckan i juli kommer vi flytta till tillf\u00e4llig kontorslokal d\u00e5 v\u00e5r nuvarande lokal beh\u00f6ver en ny ventilationsl\u00f6sning. Den ombyggda lokalen kommer \u00e4ven att anpassas utifr\u00e5n att vi blivit flera medarbetare med en mer flexibel aktivitetsbaserad arbetsplats.<\/p>\n\n\n\n<p>Vi kommer d\u00e4rf\u00f6r under cirka 4 m\u00e5nader att sitta p\u00e5 Drottninggatan 92, 5 tr. Vid bes\u00f6k till oss ska man kliva av p\u00e5 plan 5 i st\u00e4llet f\u00f6r plan 6.<\/p>\n\n\n\n<p>Ingen postadress\u00e4ndring kommer att beh\u00f6va g\u00f6ras utan vi har kvar samma adress.<\/p>","protected":false},"excerpt":{"rendered":"<p>Under f\u00f6rsta veckan i juli kommer vi flytta till tillf\u00e4llig kontorslokal d\u00e5 v\u00e5r nuvarande lokal beh\u00f6ver en ny ventilationsl\u00f6sning. Den ombyggda lokalen kommer \u00e4ven att anpassas utifr\u00e5n att vi blivit flera medarbetare med en mer flexibel aktivitetsbaserad arbetsplats. Vi kommer d\u00e4rf\u00f6r under cirka 4 m\u00e5nader att sitta p\u00e5 Drottninggatan 92, 5 tr. Vid bes\u00f6k till [&hellip;]<\/p>\n","protected":false},"author":3,"featured_media":0,"comment_status":"closed","ping_status":"open","sticky":false,"template":"","format":"standard","meta":{"footnotes":""},"categories":[14],"tags":[11],"class_list":["post-2527","post","type-post","status-publish","format-standard","hentry","category-nyhet","tag-utan-bild-2"],"_links":{"self":[{"href":"https:\/\/transitio.se\/en\/wp-json\/wp\/v2\/posts\/2527","targetHints":{"allow":["GET"]}}],"collection":[{"href":"https:\/\/transitio.se\/en\/wp-json\/wp\/v2\/posts"}],"about":[{"href":"https:\/\/transitio.se\/en\/wp-json\/wp\/v2\/types\/post"}],"author":[{"embeddable":true,"href":"https:\/\/transitio.se\/en\/wp-json\/wp\/v2\/users\/3"}],"replies":[{"embeddable":true,"href":"https:\/\/transitio.se\/en\/wp-json\/wp\/v2\/comments?post=2527"}],"version-history":[{"count":1,"href":"https:\/\/transitio.se\/en\/wp-json\/wp\/v2\/posts\/2527\/revisions"}],"predecessor-version":[{"id":2528,"href":"https:\/\/transitio.se\/en\/wp-json\/wp\/v2\/posts\/2527\/revisions\/2528"}],"wp:attachment":[{"href":"https:\/\/transitio.se\/en\/wp-json\/wp\/v2\/media?parent=2527"}],"wp:term":[{"taxonomy":"category","embeddable":true,"href":"https:\/\/transitio.se\/en\/wp-json\/wp\/v2\/categories?post=2527"},{"taxonomy":"post_tag","embeddable":true,"href":"https:\/\/transitio.se\/en\/wp-json\/wp\/v2\/tags?post=2527"}],"curies":[{"name":"wp","href":"https:\/\/api.w.org\/{rel}","templated":true}]}}